{"id":485,"date":"2019-08-15T20:15:45","date_gmt":"2019-08-15T20:15:45","guid":{"rendered":"https:\/\/coworkingsalzburg.com\/blog\/?p=485"},"modified":"2019-11-18T13:07:30","modified_gmt":"2019-11-18T13:07:30","slug":"4-summer-special-zum-thema-gesundheit-und-fitness","status":"publish","type":"post","link":"https:\/\/coworkingsalzburg.com\/blog\/4-summer-special-zum-thema-gesundheit-und-fitness\/","title":{"rendered":"4. Summer Special zum Thema Gesundheit und Fitness"},"content":{"rendered":"\n<p>Unser viertes Summer Special steht ganz unter dem Thema Gesundheit und Fitness und wir haben jede Menge G\u00e4ste zu diesen Themen eingeladen. Wusstest Du zum Beispiel, wieviel Fehldiagnosen j\u00e4hrlich gestellt werden und was dagegen unternommen wird? Wir wussten das vorher auch nicht \u2013 schau rein in unser Summer Special No. 4!<\/p>\n\n\n\n<h2 class=\"wp-block-heading\">Von Fehldiagnosen bis zu Kurzurlaub f\u00fcr K\u00f6rper und Geist<\/h2>\n\n\n\n<p>Warum der Yoga Sonnengru\u00df ein Kurzurlaub f\u00fcr K\u00f6rper und Geist ist, das erz\u00e4hlt uns Pascale in der <a href=\"https:\/\/coworkingsalzburg.com\/blog\/die-good-news-wochenschau-9\" target=\"_blank\" rel=\"noreferrer noopener\" aria-label=\"Wochenschau No. 9 (\u00f6ffnet in neuem Tab)\">Wochenschau No. 9<\/a>. Sie wei\u00df, dass Bewegung gl\u00fccklich macht!<\/p>\n\n\n\n<p>Fit wie ein Turnschuh pr\u00e4sentieren wir uns in der <em><a rel=\"noreferrer noopener\" aria-label=\"26. Wochensc (\u00f6ffnet in neuem Tab)\" href=\"https:\/\/coworkingsalzburg.com\/blog\/26-good-news-wochenschau-julia-bewegt-uns-ingenieure-ohne-grenzen-und-schickes-aus-polizeiuniformen\/\" target=\"_blank\">26. Wochensc<\/a>hau<\/em>, kein Wunder, radelt doch Julia zu uns ins Studio und erz\u00e4hlt aus ihrem bewegten Leben.<\/p>\n\n\n\n<figure class=\"wp-block-embed-youtube wp-block-embed is-type-video is-provider-youtube wp-embed-aspect-16-9 wp-has-aspect-ratio\"><div class=\"wp-block-embed__wrapper\">\n<iframe loading=\"lazy\" title=\"4. Summer Special zum Thema Gesundheit und Fitness\" width=\"525\" height=\"295\" src=\"https:\/\/www.youtube.com\/embed\/3EA2IalorBo?feature=oembed\" frameborder=\"0\" allow=\"accelerometer; autoplay; clipboard-write; encrypted-media; gyroscope; picture-in-picture; web-share\" referrerpolicy=\"strict-origin-when-cross-origin\" allowfullscreen><\/iframe>\n<\/div><\/figure>\n\n\n\n<p>In der <em><a href=\"https:\/\/coworkingsalzburg.com\/blog\/29-good-news-wochenschau-mit-dem-dr-house-der-startup-welt\" target=\"_blank\" rel=\"noreferrer noopener\" aria-label=\"29. Wochenschau (\u00f6ffnet in neuem Tab)\">29. Wochenschau<\/a><\/em> erz\u00e4hlt uns der \u201eDr. House der Startup Welt\u201c, Jama Nateqi, etwas \u00fcber die Geschichte der Fehldiagnose und wie seine Suchmaschine \u201eSymptoma\u201c Leben retten kann \u2013 spannend von der ersten bis zur letzten Minute!<\/p>\n\n\n\n<p>Energieb\u00fcndel Katrin erkl\u00e4rt in der<em> <a href=\"https:\/\/coworkingsalzburg.com\/blog\/33-good-news-wochenschau\" target=\"_blank\" rel=\"noreferrer noopener\" aria-label=\"Wochenschau Vol. 32 (\u00f6ffnet in neuem Tab)\">Wochenschau Vol. 32<\/a><\/em> woher sie ihre Energie nimmt und wie das eigene Kind das Leben ver\u00e4ndert. Lass Dich motivieren \u2013 positive Energie pur! <\/p>\n\n\n\n<p>Die <em><a href=\"https:\/\/coworkingsalzburg.com\/blog\/35-good-news-wochenschau-mit-weltmeister-guenther-matzinger\" target=\"_blank\" rel=\"noreferrer noopener\" aria-label=\"35. Wochenschau (\u00f6ffnet in neuem Tab)\">35. Wochenschau<\/a><\/em> gibt uns Einblicke in ein Startup der ganz besonderen Art und erz\u00e4hlt, warum Sitzen sch\u00e4dlicher als Rauchen ist. Wow!<\/p>\n\n\n\n<p>Besonders medienerfahrene G\u00e4ste durften wir in der <em><a href=\"https:\/\/coworkingsalzburg.com\/blog\/37-good-news-wochenschau-mit-der-gruendern-von-powerinsole-sonja-martin-masching\" target=\"_blank\" rel=\"noreferrer noopener\" aria-label=\"37. Wochenschau (\u00f6ffnet in neuem Tab)\">37. Wochenschau<\/a><\/em> begr\u00fc\u00dfen: Sonja und Martin waren bereits bei \u201e2 Minuten 2 Millionen\u201c und k\u00f6nnen sich seitdem vor Medienauftritten kaum retten. Was es mit ihrer Erfindung auf sich hat und wie man Business und Familie unter einen Hut bekommt, seht Ihr in dieser Sendung.<\/p>\n\n\n\n<h2 class=\"wp-block-heading\">Die Good News Wochenschau \u2013 einfach WOW!<\/h2>\n\n\n\n<p>Bist Du auch fasziniert? Auch im September werden wir viele sportliche Themen Ab September wird die Good News Wochenschau jeden zweiten Donnerstag zur Prime Time um 20.15 auf dem <em><a href=\"https:\/\/www.facebook.com\/CoWorking.Salzburg]\" target=\"_blank\" rel=\"noreferrer noopener\" aria-label=\"Facebook Kanal (\u00f6ffnet in neuem Tab)\">Facebook Kanal<\/a> von Coworking Salzburg<\/em> laufen \u2013 zus\u00e4tzlich \u00fcberraschen wir Dich aber mit zwei v\u00f6llig neuen Sendeformaten!  <\/p>\n\n\n\n<p>Die Wochenschau wird also bigger, better, faster, more? Lass\nDich \u00fcberraschen! Wir freuen uns auf Dein feedback, Deine Anmeldung als Gast,\nDeine Fragen und Deine Buchbestellung, melde Dich einfach bei uns!<\/p>\n","protected":false},"excerpt":{"rendered":"<p>Unser viertes Summer Special steht ganz unter dem Thema Gesundheit und Fitness und wir haben jede Menge G\u00e4ste zu diesen Themen eingeladen. Wusstest Du zum Beispiel, wieviel Fehldiagnosen j\u00e4hrlich gestellt werden und was dagegen unternommen wird? Wir wussten das vorher auch nicht \u2013 schau rein in unser Summer Special No. 4!<\/p>\n","protected":false},"author":3,"featured_media":472,"comment_status":"closed","ping_status":"closed","sticky":false,"template":"","format":"image","meta":{"footnotes":""},"categories":[6],"tags":[36,154,212],"class_list":["post-485","post","type-post","status-publish","format-image","has-post-thumbnail","hentry","category-wochenschau","tag-achtsamkeit","tag-gesundheit","tag-summer-special","post_format-post-format-image"],"aioseo_notices":[],"_links":{"self":[{"href":"https:\/\/coworkingsalzburg.com\/blog\/wp-json\/wp\/v2\/posts\/485","targetHints":{"allow":["GET"]}}],"collection":[{"href":"https:\/\/coworkingsalzburg.com\/blog\/wp-json\/wp\/v2\/posts"}],"about":[{"href":"https:\/\/coworkingsalzburg.com\/blog\/wp-json\/wp\/v2\/types\/post"}],"author":[{"embeddable":true,"href":"https:\/\/coworkingsalzburg.com\/blog\/wp-json\/wp\/v2\/users\/3"}],"replies":[{"embeddable":true,"href":"https:\/\/coworkingsalzburg.com\/blog\/wp-json\/wp\/v2\/comments?post=485"}],"version-history":[{"count":1,"href":"https:\/\/coworkingsalzburg.com\/blog\/wp-json\/wp\/v2\/posts\/485\/revisions"}],"predecessor-version":[{"id":486,"href":"https:\/\/coworkingsalzburg.com\/blog\/wp-json\/wp\/v2\/posts\/485\/revisions\/486"}],"wp:featuredmedia":[{"embeddable":true,"href":"https:\/\/coworkingsalzburg.com\/blog\/wp-json\/wp\/v2\/media\/472"}],"wp:attachment":[{"href":"https:\/\/coworkingsalzburg.com\/blog\/wp-json\/wp\/v2\/media?parent=485"}],"wp:term":[{"taxonomy":"category","embeddable":true,"href":"https:\/\/coworkingsalzburg.com\/blog\/wp-json\/wp\/v2\/categories?post=485"},{"taxonomy":"post_tag","embeddable":true,"href":"https:\/\/coworkingsalzburg.com\/blog\/wp-json\/wp\/v2\/tags?post=485"}],"curies":[{"name":"wp","href":"https:\/\/api.w.org\/{rel}","templated":true}]}}