{"id":475,"date":"2019-08-01T22:15:42","date_gmt":"2019-08-01T22:15:42","guid":{"rendered":"https:\/\/coworkingsalzburg.com\/blog\/?p=475"},"modified":"2019-08-30T11:18:50","modified_gmt":"2019-08-30T11:18:50","slug":"2-summer-special-zum-thema-coworking","status":"publish","type":"post","link":"https:\/\/coworkingsalzburg.com\/blog\/2-summer-special-zum-thema-coworking\/","title":{"rendered":"2. Summer Special zum Thema Coworking"},"content":{"rendered":"\n<p>Das zweite Summer Special der Good News Wochenschau steht\nganz im Zeichen von Coworking und Do what you love. Wir haben uns auf den Weg\ngemacht und verschiedene Coworkingspaces besucht \u2013 das ist \u00fcbrigens \u201ein\nprogress\u201c! Wenn Du also der Meinung bist, wir sollten auch Deinen\nCoworkingspace mal unbedingt besuchen, dann melde Dich bei uns!<\/p>\n\n\n\n<h2 class=\"wp-block-heading\">Coworking von Freilassing bis Thalgau<\/h2>\n\n\n\n<p>Zur <em><a href=\"https:\/\/coworkingsalzburg.com\/blog\/die-good-news-wochenschau-15\/\" target=\"_blank\" rel=\"noreferrer noopener\" aria-label=\" (\u00f6ffnet in neuem Tab)\">15. Wochenschau<\/a><\/em> sind wir nach Thalgau gefahren und durften dort einen sehr spannenden Nachmittag in einem Coworkingspace im l\u00e4ndlichen Raum verbringen. Die Betreiber Michaela und John erz\u00e4hlen, warum auch die Politik aktiv werden darf, um den d\u00f6rflichen Raum zu beleben und warum neues Arbeiten ein anderes Label braucht. <\/p>\n\n\n\n<p>In der <em><a rel=\"noreferrer noopener\" aria-label=\" (\u00f6ffnet in neuem Tab)\" href=\"https:\/\/coworkingsalzburg.com\/blog\/die-good-news-wochenschau-17\" target=\"_blank\">17. Wochenschau<\/a><\/em> schildert unser Gast Katrin Gerschpacher, wie es ist, ohne Angst in neue Projekte zu gehen und sich auf Ver\u00e4nderungen einzulassen. Diese Gabe f\u00fchrt sie immer wieder zu Projekten mit Herz \u2013 do what you love in Reinkultur.<\/p>\n\n\n\n<figure class=\"wp-block-embed-youtube wp-block-embed is-type-video is-provider-youtube wp-embed-aspect-16-9 wp-has-aspect-ratio\"><div class=\"wp-block-embed__wrapper\">\n<iframe loading=\"lazy\" title=\"Wochenschau Summer Special 2 Thema COWORKING\" width=\"525\" height=\"295\" src=\"https:\/\/www.youtube.com\/embed\/jjjW-J3IOWQ?feature=oembed\" frameborder=\"0\" allow=\"accelerometer; autoplay; clipboard-write; encrypted-media; gyroscope; picture-in-picture; web-share\" referrerpolicy=\"strict-origin-when-cross-origin\" allowfullscreen><\/iframe>\n<\/div><figcaption>Im 2. Summer Special dreht sich alles um das Thema Coworking und Do What You Love. <\/figcaption><\/figure>\n\n\n\n<p>In der<em> <a rel=\"noreferrer noopener\" aria-label=\" (\u00f6ffnet in neuem Tab)\" href=\"https:\/\/coworkingsalzburg.com\/blog\/die-good-news-wochenschau-18\/\" target=\"_blank\">Wochenschau 18<\/a><\/em><a rel=\"noreferrer noopener\" aria-label=\" (\u00f6ffnet in neuem Tab)\" href=\"https:\/\/coworkingsalzburg.com\/blog\/die-good-news-wochenschau-18\/\" target=\"_blank\"> <\/a>schildert Martin, wie er Beruf und Freizeit so in Balance bringt, dass es ihm gut geht und warum er jeden Morgen gerne aufsteht, um zur Arbeit in sein eigenes Unternehmen zu gehen. <\/p>\n\n\n\n<p>Die <em><a rel=\"noreferrer noopener\" aria-label=\" (\u00f6ffnet in neuem Tab)\" href=\"https:\/\/coworkingsalzburg.com\/blog\/22-good-news-wochenschau\" target=\"_blank\">22. Wochenschau<\/a><\/em> hat uns nach Freilassing gef\u00fchrt, wo uns die Coworking Betreiber Tina und Amadeus erz\u00e4hlen, mit welchen Widerst\u00e4nden sie bei der Gr\u00fcndung konfrontiert waren und warum ihr Coworkingspace letztendlich doch funktioniert.<\/p>\n\n\n\n<p>Coworking Haus und Hof Fotograf Enrique Pasquali erz\u00e4hlt uns in der <em><a href=\"https:\/\/coworkingsalzburg.com\/blog\/27-good-news-wochenschau-die-leidenschaft-zum-beruf-machen\" target=\"_blank\" rel=\"noreferrer noopener\" aria-label=\" (\u00f6ffnet in neuem Tab)\">27. Wochenschau<\/a><\/em>  wie es kam, dass er seine Leidenschaft zum Beruf machen konnte und was ihn am Fotografieren immer neu fasziniert. <\/p>\n\n\n\n<h2 class=\"wp-block-heading\">Die Good News Wochenschau aus dem Coworking Salzburg<\/h2>\n\n\n\n<p>Wir senden die Good News Wochenschau jeden Donnerstag zur Prime Time um 20.15 auf dem <em><a rel=\"noreferrer noopener\" aria-label=\" (\u00f6ffnet in neuem Tab)\" href=\"https:\/\/www.facebook.com\/CoWorking.Salzburg\" target=\"_blank\">Facebook Kanal<\/a> von Coworking Salzburg<\/em>. Wenige Tage sp\u00e4ter kannst Du die fertig aufbereitete Sendung auf Youtube und hier auf diesem Blog nachsehen. Wenn Du mehr zum Thema Coworking wissen willst, melde Dich gerne bei uns oder bestelle unser Buch: <em><a rel=\"noreferrer noopener\" aria-label=\" (\u00f6ffnet in neuem Tab)\" href=\"https:\/\/www.amazon.de\/what-you-love-Coworking-weltklasse\/dp\/3200051159\/ref=sr_1_5?__mk_de_DE=\u00c5M\u00c5\u017d\u00d5\u00d1&amp;keywords=coworking+guide+to+the+galaxy&amp;qid=1567163717&amp;s=gateway&amp;sr=8-5\" target=\"_blank\">Das Coworking Buch<\/a><\/em> einfach unter Services anw\u00e4hlen und gleich bestellen. <\/p>\n","protected":false},"excerpt":{"rendered":"<p>Das zweite Summer Special der Good News Wochenschau steht ganz im Zeichen von Coworking und Do what you love. Wir haben uns auf den Weg gemacht und verschiedene Coworkingspaces besucht \u2013 das ist \u00fcbrigens \u201ein progress\u201c! Wenn Du also der Meinung bist, wir sollten auch Deinen Coworkingspace mal unbedingt besuchen, dann melde Dich bei uns! &hellip; <\/p>\n<p class=\"link-more\"><a href=\"https:\/\/coworkingsalzburg.com\/blog\/2-summer-special-zum-thema-coworking\/\" class=\"more-link\"><span class=\"screen-reader-text\">\u201e2. Summer Special zum Thema Coworking\u201c<\/span> weiterlesen<\/a><\/p>\n","protected":false},"author":3,"featured_media":472,"comment_status":"closed","ping_status":"closed","sticky":false,"template":"","format":"image","meta":{"footnotes":""},"categories":[6],"tags":[12,189,212],"class_list":["post-475","post","type-post","status-publish","format-image","has-post-thumbnail","hentry","category-wochenschau","tag-coworking","tag-do-what-you-love","tag-summer-special","post_format-post-format-image"],"aioseo_notices":[],"_links":{"self":[{"href":"https:\/\/coworkingsalzburg.com\/blog\/wp-json\/wp\/v2\/posts\/475","targetHints":{"allow":["GET"]}}],"collection":[{"href":"https:\/\/coworkingsalzburg.com\/blog\/wp-json\/wp\/v2\/posts"}],"about":[{"href":"https:\/\/coworkingsalzburg.com\/blog\/wp-json\/wp\/v2\/types\/post"}],"author":[{"embeddable":true,"href":"https:\/\/coworkingsalzburg.com\/blog\/wp-json\/wp\/v2\/users\/3"}],"replies":[{"embeddable":true,"href":"https:\/\/coworkingsalzburg.com\/blog\/wp-json\/wp\/v2\/comments?post=475"}],"version-history":[{"count":2,"href":"https:\/\/coworkingsalzburg.com\/blog\/wp-json\/wp\/v2\/posts\/475\/revisions"}],"predecessor-version":[{"id":480,"href":"https:\/\/coworkingsalzburg.com\/blog\/wp-json\/wp\/v2\/posts\/475\/revisions\/480"}],"wp:featuredmedia":[{"embeddable":true,"href":"https:\/\/coworkingsalzburg.com\/blog\/wp-json\/wp\/v2\/media\/472"}],"wp:attachment":[{"href":"https:\/\/coworkingsalzburg.com\/blog\/wp-json\/wp\/v2\/media?parent=475"}],"wp:term":[{"taxonomy":"category","embeddable":true,"href":"https:\/\/coworkingsalzburg.com\/blog\/wp-json\/wp\/v2\/categories?post=475"},{"taxonomy":"post_tag","embeddable":true,"href":"https:\/\/coworkingsalzburg.com\/blog\/wp-json\/wp\/v2\/tags?post=475"}],"curies":[{"name":"wp","href":"https:\/\/api.w.org\/{rel}","templated":true}]}}