{"id":436,"date":"2019-06-21T20:15:40","date_gmt":"2019-06-21T20:15:40","guid":{"rendered":"https:\/\/coworkingsalzburg.com\/blog\/?p=436"},"modified":"2019-11-18T13:12:48","modified_gmt":"2019-11-18T13:12:48","slug":"34-good-news-wochenschau-mit-medienmacher-dr-gerhard-rettenegger","status":"publish","type":"post","link":"https:\/\/coworkingsalzburg.com\/blog\/34-good-news-wochenschau-mit-medienmacher-dr-gerhard-rettenegger\/","title":{"rendered":"34. GOOD NEWS Wochenschau mit Medienmacher Dr. Gerhard Rettenegger"},"content":{"rendered":"\n<figure class=\"wp-block-embed-youtube wp-block-embed is-type-video is-provider-youtube wp-embed-aspect-16-9 wp-has-aspect-ratio\"><div class=\"wp-block-embed__wrapper\">\n<iframe loading=\"lazy\" title=\"Wochenschau #34 Journalismus - die 4. Macht im Staat?\" width=\"525\" height=\"295\" src=\"https:\/\/www.youtube.com\/embed\/83Q5RUcxD3U?feature=oembed\" frameborder=\"0\" allow=\"accelerometer; autoplay; clipboard-write; encrypted-media; gyroscope; picture-in-picture; web-share\" referrerpolicy=\"strict-origin-when-cross-origin\" allowfullscreen><\/iframe>\n<\/div><figcaption>Die 4. Macht im Staat &#8211; im Gespr\u00e4ch mit Medienmacher Dr. Gerhard Rettenegger.<\/figcaption><\/figure>\n\n\n\n<h2 class=\"wp-block-heading\">Es tut sich was in der Welt: Vom Ressourcen sparen und\nGlyphosatfreiheit<\/h2>\n\n\n\n<p>Die Good News aus Salzburg und der Welt haben es in sich: \u00d6sterreich steht kurz vor der Entscheidung, glyphosatfrei zu werden \u2013 wir bleiben dran und berichten, was herauskommt. In Deutschland expandiert das Startup \u201e<a href=\"https:\/\/sirplus.de\/\" target=\"_blank\" rel=\"noreferrer noopener\" aria-label=\"Sirplus (\u00f6ffnet in neuem Tab)\">Sirplus<\/a>\u201c Superm\u00e4rkte, in denen abgelaufene Nahrungsmittel zu g\u00fcnstigen Preisen verkauft werden \u2013 ein Projekt mit Vorbildwirkung.<\/p>\n\n\n\n<h2 class=\"wp-block-heading\">Die vierte Macht im Staat: Gerhard Rettenegger zur Rolle der Medien<\/h2>\n\n\n\n<p>Ganz besonders freuen wir uns heute, dass sich unser Gast <a rel=\"noreferrer noopener\" aria-label=\"Gerhard Rettenegger  (\u00f6ffnet in neuem Tab)\" href=\"https:\/\/www.sn.at\/wiki\/Gerhard_Rettenegger\" target=\"_blank\">Gerhard Rettenegger <\/a>f\u00fcr uns Zeit genommen hat. Der langj\u00e4hrige ORF Journalist arbeitete im Lauf seines Berufslebens nicht nur f\u00fcr Radio und Fernsehen, sondern ist <a href=\"http:\/\/www.medienzukunft.info\" target=\"_blank\" rel=\"noreferrer noopener\" aria-label=\"Onlinejournalist (\u00f6ffnet in neuem Tab)\">Onlinejournalist<\/a> der ersten Stunde und aufmerksamer Beobachter der Entwicklungen am Mediensektor. Er gibt sein Wissen weiter und unterrichtet unter anderem am <a rel=\"noreferrer noopener\" href=\"http:\/\/www.kfj.at\/\" target=\"_blank\">Kuratorium f\u00fcr Journalistenausbildung<\/a>, am <a rel=\"noreferrer noopener\" href=\"http:\/\/www.uni-salzburg.at\/portal\/page?_pageid=1867,764482&amp;_dad=portal&amp;_schema=PORTAL\" target=\"_blank\">Fachbereich Kommunikationswissenschaften<\/a> der Universit\u00e4t Salzburg, an der <a rel=\"noreferrer noopener\" href=\"https:\/\/www.donau-uni.ac.at\/de\/index.php\" target=\"_blank\">Donau Universit\u00e4t Krems<\/a>, am Studiengang <a rel=\"noreferrer noopener\" href=\"https:\/\/www.fh-salzburg.ac.at\/disziplinen\/medien-design-kunst\/bachelor-multimediatechnology\/beschreibung\/beschreibung\/\" target=\"_blank\">MultiMediaTechnology<\/a> der Fachhochschule Salzburg, sowie am <a rel=\"noreferrer noopener\" href=\"http:\/\/www.wifisalzburg.at\/\" target=\"_blank\">WIFI Salzburg<\/a>. Wir sprechen mit ihm heute \u00fcber die Zukunft der Medien in einer Zeit, in der fast jeder Mensch seine Meinung, seine Recherche oder seine Wahrheit im Netz verbreiten kann.<\/p>\n\n\n\n<p>Er sieht die Aufgabe des Journalismus heute vor allem darin, den Menschen Zusammenh\u00e4nge verst\u00e4ndlich zu machen. Einzelne Informationen, Meinungen und fake News g\u00e4be es ohnehin bereits genug, sagt der Profi. Am Medienmacher l\u00e4ge es also, den Zuseher*innen, Zuh\u00f6rer*innen oder Leser*innen diese komplexe Welt verst\u00e4ndlicher zu machen und kursierende Nachrichten auf ihren Wahrhaftigkeitsgehalt zu pr\u00fcfen. Schau rein, spannende Sendung.<\/p>\n\n\n\n<p>In der astrologischen Gespr\u00e4chsanalyse geht <a rel=\"noreferrer noopener\" aria-label=\"Romana Hasen\u00f6hrl  (\u00f6ffnet in neuem Tab)\" href=\"http:\/\/www.romanahasenoehrl.at\" target=\"_blank\">Romana Hasen\u00f6hrl <\/a>auf die Thematik der Berufung und der Verantwortung, die man in seinem Beruf tr\u00e4gt, ein. Dass Journalist*innen in ihrer Berufung besonders viel Verantwortung zu \u00fcbernehmen haben, betont die Astrologin ganz besonders.  <\/p>\n\n\n\n<figure class=\"wp-block-embed-youtube wp-block-embed is-type-video is-provider-youtube wp-embed-aspect-16-9 wp-has-aspect-ratio\"><div class=\"wp-block-embed__wrapper\">\n<iframe loading=\"lazy\" title=\"Die Astrologische Gespr\u00e4chsanalyse: Die Berufung steht im 10. Haus\" width=\"525\" height=\"295\" src=\"https:\/\/www.youtube.com\/embed\/fr1tiaHH1W0?feature=oembed\" frameborder=\"0\" allow=\"accelerometer; autoplay; clipboard-write; encrypted-media; gyroscope; picture-in-picture; web-share\" referrerpolicy=\"strict-origin-when-cross-origin\" allowfullscreen><\/iframe>\n<\/div><figcaption>Gespr\u00e4chsanalyse durch Astrologin Romana Hasen\u00f6hrl.<\/figcaption><\/figure>\n\n\n\n<p>Video Expertin <a rel=\"noreferrer noopener\" aria-label=\"Sonja Schwaighofer (\u00f6ffnet in neuem Tab)\" href=\"https:\/\/www.schwaighofer-crossmedia.at\/\" target=\"_blank\">Sonja Schwaighofer<\/a> spricht heute \u00fcber Schnitt und wie sich dieser auf den Inhalt auswirkt \u2013 ein hei\u00dfes Thema, das ganz wunderbar zu unserem Studiogast passt!<\/p>\n\n\n\n<figure class=\"wp-block-embed-youtube wp-block-embed is-type-video is-provider-youtube wp-embed-aspect-16-9 wp-has-aspect-ratio\"><div class=\"wp-block-embed__wrapper\">\n<iframe loading=\"lazy\" title=\"SEO-Quicktipp: Video-Content &quot;Schnitt 3&quot;\" width=\"525\" height=\"295\" src=\"https:\/\/www.youtube.com\/embed\/7g_KwNvfrDA?feature=oembed\" frameborder=\"0\" allow=\"accelerometer; autoplay; clipboard-write; encrypted-media; gyroscope; picture-in-picture; web-share\" referrerpolicy=\"strict-origin-when-cross-origin\" allowfullscreen><\/iframe>\n<\/div><figcaption>SEO-Quicktipp von Sonja zum Thema Schnitt bei der Video-Produktion.<\/figcaption><\/figure>\n\n\n\n<h2 class=\"wp-block-heading\">Die Good News Wochenschau \u2013 jetzt am Donnerstag um 20.15 Uhr!<\/h2>\n\n\n\n<p>Die Good News Wochenschau aus dem <em><a rel=\"noreferrer noopener\" aria-label=\"Coworking Salzburg (\u00f6ffnet in neuem Tab)\" href=\"https:\/\/coworkingsalzburg.com\" target=\"_blank\">Coworking Salzburg<\/a><\/em> senden wir jetzt im Sommer immer am DONNERSTAG um 20.15 Uhr, live auf dem <em><a rel=\"noreferrer noopener\" aria-label=\"Facebook Kanal  (\u00f6ffnet in neuem Tab)\" href=\"https:\/\/www.facebook.com\/CoWorking.Salzburg\" target=\"_blank\">Facebook Kanal <\/a>von Coworking Salzburg<\/em>.<\/p>\n\n\n\n<p>Au\u00dferdem d\u00fcrfen wir Dich ab August zu neuen Formaten und ganz besonders spannenden Themen einladen \u2013 sei gespannt und stay tuned!<\/p>\n\n\n\n<figure class=\"wp-block-embed-youtube wp-block-embed is-type-video is-provider-youtube wp-embed-aspect-4-3 wp-has-aspect-ratio\"><div class=\"wp-block-embed__wrapper\">\n<iframe loading=\"lazy\" title=\"LIVE: GOOD NEWS WOCHENSCHAU #34 MIT GERHARD RETTENEGGER\" width=\"525\" height=\"394\" src=\"https:\/\/www.youtube.com\/embed\/8FfyxxVtbN8?feature=oembed\" frameborder=\"0\" allow=\"accelerometer; autoplay; clipboard-write; encrypted-media; gyroscope; picture-in-picture; web-share\" referrerpolicy=\"strict-origin-when-cross-origin\" allowfullscreen><\/iframe>\n<\/div><figcaption>Unsere &#8222;Behind the Scene&#8220; Kamera l\u00e4uft immer live auf Youtube mit!<\/figcaption><\/figure>\n\n\n\n<p><\/p>\n","protected":false},"excerpt":{"rendered":"<p>Rettenegger sieht die Aufgabe des Journalismus heute vor allem darin, den Menschen Zusammenh\u00e4nge verst\u00e4ndlich zu machen. Einzelne Informationen, Meinungen und fake News g\u00e4be es ohnehin bereits genug, sagt der Profi. Am Medienmacher l\u00e4ge es also, den Zuseher*innen, Zuh\u00f6rer*innen oder Leser*innen diese komplexe Welt verst\u00e4ndlicher zu machen und kursierende Nachrichten auf ihren Wahrhaftigkeitsgehalt zu pr\u00fcfen.<\/p>\n","protected":false},"author":3,"featured_media":437,"comment_status":"closed","ping_status":"closed","sticky":false,"template":"","format":"image","meta":{"footnotes":""},"categories":[6],"tags":[189,209],"class_list":["post-436","post","type-post","status-publish","format-image","has-post-thumbnail","hentry","category-wochenschau","tag-do-what-you-love","tag-media","post_format-post-format-image"],"aioseo_notices":[],"_links":{"self":[{"href":"https:\/\/coworkingsalzburg.com\/blog\/wp-json\/wp\/v2\/posts\/436","targetHints":{"allow":["GET"]}}],"collection":[{"href":"https:\/\/coworkingsalzburg.com\/blog\/wp-json\/wp\/v2\/posts"}],"about":[{"href":"https:\/\/coworkingsalzburg.com\/blog\/wp-json\/wp\/v2\/types\/post"}],"author":[{"embeddable":true,"href":"https:\/\/coworkingsalzburg.com\/blog\/wp-json\/wp\/v2\/users\/3"}],"replies":[{"embeddable":true,"href":"https:\/\/coworkingsalzburg.com\/blog\/wp-json\/wp\/v2\/comments?post=436"}],"version-history":[{"count":1,"href":"https:\/\/coworkingsalzburg.com\/blog\/wp-json\/wp\/v2\/posts\/436\/revisions"}],"predecessor-version":[{"id":439,"href":"https:\/\/coworkingsalzburg.com\/blog\/wp-json\/wp\/v2\/posts\/436\/revisions\/439"}],"wp:featuredmedia":[{"embeddable":true,"href":"https:\/\/coworkingsalzburg.com\/blog\/wp-json\/wp\/v2\/media\/437"}],"wp:attachment":[{"href":"https:\/\/coworkingsalzburg.com\/blog\/wp-json\/wp\/v2\/media?parent=436"}],"wp:term":[{"taxonomy":"category","embeddable":true,"href":"https:\/\/coworkingsalzburg.com\/blog\/wp-json\/wp\/v2\/categories?post=436"},{"taxonomy":"post_tag","embeddable":true,"href":"https:\/\/coworkingsalzburg.com\/blog\/wp-json\/wp\/v2\/tags?post=436"}],"curies":[{"name":"wp","href":"https:\/\/api.w.org\/{rel}","templated":true}]}}