{"id":289,"date":"2019-04-05T12:30:14","date_gmt":"2019-04-05T12:30:14","guid":{"rendered":"https:\/\/coworkingsalzburg.com\/blog\/?p=289"},"modified":"2019-11-18T13:24:22","modified_gmt":"2019-11-18T13:24:22","slug":"23-good-news-wochenschau-letzte-werbung-for-future","status":"publish","type":"post","link":"https:\/\/coworkingsalzburg.com\/blog\/23-good-news-wochenschau-letzte-werbung-for-future\/","title":{"rendered":"23. GOOD NEWS Wochenschau: &#8222;Letzte Werbung&#8220; for Future"},"content":{"rendered":"\n<div class=\"wp-block-file\"><a target=\"_blank\" rel=\"noreferrer noopener\">Podcast &#8222;Letzte Werbung&#8220; &gt;&gt;&gt;<\/a><a href=\"https:\/\/owncloud.langhofer.net\/index.php\/s\/aodlSvjBTovDvSQ\" class=\"wp-block-file__button\" download>Herunterladen<\/a><\/div>\n\n\n\n<h2 class=\"wp-block-heading\">Satte Nachrichten aus Salzburg und dem Rest der Welt<\/h2>\n\n\n\n<p>Die Good News Wochenschau pr\u00e4sentiert heute einen bunten Strau\u00df voller guten Nachrichten, von der neuen Radiosendung \u201eFounder Bliss\u201c bis hin zum neuen Coworker <a href=\"http:\/\/www.jobaktuell.eu\">Robert Kastner<\/a>, der bereits zu Gast in der <a rel=\"noreferrer noopener\" aria-label=\"16. Wochenschau (\u00f6ffnet in neuem Tab)\" href=\"https:\/\/coworkingsalzburg.com\/blog\/die-good-news-wochenschau-16\/\" target=\"_blank\">16. Wochenschau<\/a> war.<\/p>\n\n\n\n<p>Coworkerin Claudia Kanz hat eine neue <a rel=\"noreferrer noopener\" aria-label=\"RAK Aktion (\u00f6ffnet in neuem Tab)\" href=\"https:\/\/www.facebook.com\/randomactofkindness.at\/\" target=\"_blank\">RAK Aktion<\/a> ins Leben gerufen und auch aus der gro\u00dfen weiten Welt gibt es viele gute News. Der kenianische Lehrer Peter Tabichi zum Beispiel wurde zum weltbesten Lehrer gek\u00fcrt \u2013 er gab in den vergangenen Jahren \u00fcber 80 Prozent seines Gehalts f\u00fcr Sch\u00fcler und Sch\u00fclerinnen aus, die sich sonst keine Schulbildung leisten k\u00f6nnten.<\/p>\n\n\n\n<h2 class=\"wp-block-heading\">Eine Million Likes und ein gro\u00dfer Plan<\/h2>\n\n\n\n<p>Auch unser Gast hat bereits international von sich h\u00f6ren lassen. <a rel=\"noreferrer noopener\" aria-label=\"Katharina Wallmann (\u00f6ffnet in neuem Tab)\" href=\"https:\/\/www.linkedin.com\/in\/kwallmann\/?originalSubdomain=de\" target=\"_blank\">Katharina Wallmann<\/a> hat die Initiative \u201e<a rel=\"noreferrer noopener\" aria-label=\"Letzte Werbung (\u00f6ffnet in neuem Tab)\" href=\"https:\/\/www.letzte-werbung.de\/\" target=\"_blank\">Letzte Werbung<\/a>\u201c gegr\u00fcndet und mit dem dazugeh\u00f6rigen <a href=\"https:\/\/www.facebook.com\/letztewerbung\/videos\/2221329754766623\/\" target=\"_blank\" rel=\"noreferrer noopener\" aria-label=\"Video (\u00f6ffnet in neuem Tab)\">Video<\/a> \u00fcber 1,6 Millionen Menschen allein in Deutschland erreicht. Die nachfolgende Medienwelle zum Thema Briefkastenwerbung hat dazu gef\u00fchrt, dass sich nun viele Menschen f\u00fcr die Initiative interessieren und auch mitarbeiten m\u00f6chten, ein Team steht also und wird sich diesem wichtigen Thema widmen.<\/p>\n\n\n\n<p>Nicht zu vergessen ist n\u00e4mlich: Allein \u00fcber nicht adressierte Briefkastenwerbung verbraucht JEDER Haushalt pro Jahr 33 kg Papier \u2013 das sind 11 Prozent des Papierm\u00fclls eines Landes. Warum also nicht auf diese Art von Werbung verzichten \u2013 Katharina berichtet, wie das geht und wie die Rechtslage dazu aussieht.<\/p>\n\n\n\n<figure class=\"wp-block-embed-youtube wp-block-embed is-type-video is-provider-youtube wp-embed-aspect-16-9 wp-has-aspect-ratio\"><div class=\"wp-block-embed__wrapper\">\n<iframe loading=\"lazy\" title=\"Kurz: Wochenschau #23 &quot;Letzte Werbung&quot; for Future\" width=\"525\" height=\"295\" src=\"https:\/\/www.youtube.com\/embed\/xIdlH-g9oOo?feature=oembed\" frameborder=\"0\" allow=\"accelerometer; autoplay; clipboard-write; encrypted-media; gyroscope; picture-in-picture; web-share\" referrerpolicy=\"strict-origin-when-cross-origin\" allowfullscreen><\/iframe>\n<\/div><figcaption>Katharina von &#8222;Letzte Werbung&#8220; erz\u00e4hlt, warum Werbung im Postkasten oft nur M\u00fcll bedeutet.<br><br><br><\/figcaption><\/figure>\n\n\n\n<p>In der astrologischen Gespr\u00e4chszusammenfassung bietet Romana\nHasen\u00f6hrl einen kleinen Einblick in die Mundanastrologie und erkl\u00e4rt, was Pluto\nuns \u00fcber Generationenthemen verr\u00e4t.<\/p>\n\n\n\n<figure class=\"wp-block-embed-youtube wp-block-embed is-type-video is-provider-youtube wp-embed-aspect-16-9 wp-has-aspect-ratio\"><div class=\"wp-block-embed__wrapper\">\n<iframe loading=\"lazy\" title=\"Die Astrologische Gespr\u00e4chsanalyse: Pluto der Verwandlungsplanet\" width=\"525\" height=\"295\" src=\"https:\/\/www.youtube.com\/embed\/bZPsP3ZC3bk?feature=oembed\" frameborder=\"0\" allow=\"accelerometer; autoplay; clipboard-write; encrypted-media; gyroscope; picture-in-picture; web-share\" referrerpolicy=\"strict-origin-when-cross-origin\" allowfullscreen><\/iframe>\n<\/div><figcaption>Romana Hasen\u00f6hrl fasst das Gespr\u00e4ch mit Katharina aus astrologischer Sicht zusammen.<\/figcaption><\/figure>\n\n\n\n<p>Die SEO Tipps von Sonja Schwaighofer widmen sich ganz dem\nThema \u201eSichtbarkeit im Netz\u201c und wie man diese messen kann. Wichtiges Thema\ndabei sind nat\u00fcrlich die Webmaster Tools.<\/p>\n\n\n\n<figure class=\"wp-block-embed-youtube wp-block-embed is-type-video is-provider-youtube wp-embed-aspect-16-9 wp-has-aspect-ratio\"><div class=\"wp-block-embed__wrapper\">\n<iframe loading=\"lazy\" title=\"SEO-Quicktipp: Wie und wo kann ich Erfolg messen Teil 2\" width=\"525\" height=\"295\" src=\"https:\/\/www.youtube.com\/embed\/6tOAVMQPbhI?feature=oembed\" frameborder=\"0\" allow=\"accelerometer; autoplay; clipboard-write; encrypted-media; gyroscope; picture-in-picture; web-share\" referrerpolicy=\"strict-origin-when-cross-origin\" allowfullscreen><\/iframe>\n<\/div><figcaption>In der SEO Ecke geht es bei der 23. Wochenschau um Erfolgsmessung.<\/figcaption><\/figure>\n\n\n\n<h2 class=\"wp-block-heading\">Die Good News Wochenschau: Du willst dabei sein?<\/h2>\n\n\n\n<p>Du bist jetzt schon restlos begeistert von unserer Good News\nWochenschau? Du willst dabei sein? Das kannst Du auf verschiedenste Art und\nWeise:<\/p>\n\n\n\n<ul class=\"wp-block-list\"><li>Komme am Freitag um 12.00 Uhr in den <a href=\"https:\/\/coworkingsalzburg.com\/#where\" target=\"_blank\" rel=\"noreferrer noopener\" aria-label=\"Coworkingspace Salzburg (\u00f6ffnet in neuem Tab)\">Coworkingspace Salzburg<\/a> und sei LIVE dabei! Achtung, am 12. und 19. April beginnt die Sendung erst um 15.00 Uhr \u2013 Treffpunkt ist dann 14.30 Uhr.<\/li><li>Schalte auf facebook live zu \u2013 auf dem <a rel=\"noreferrer noopener\" aria-label=\"Coworking Salzburg Kanal (\u00f6ffnet in neuem Tab)\" href=\"https:\/\/www.facebook.com\/CoWorking.Salzburg\/\" target=\"_blank\">Coworking Salzburg Kanal<\/a><\/li><li>Besuche uns auf unserem <a rel=\"noreferrer noopener\" aria-label=\"Youtube Kanal  (\u00f6ffnet in neuem Tab)\" href=\"https:\/\/www.youtube.com\/user\/CoworkingSalzburg\" target=\"_blank\">Youtube Kanal <\/a>und schaue die Sendungen in Ruhe nach \u2013 ODER besuche regelm\u00e4\u00dfig unseren Blog, also hier!<\/li><\/ul>\n\n\n\n<figure class=\"wp-block-embed-youtube wp-block-embed is-type-video is-provider-youtube wp-embed-aspect-16-9 wp-has-aspect-ratio\"><div class=\"wp-block-embed__wrapper\">\n<iframe loading=\"lazy\" title=\"Wochenschau #23 Reaching 1Mio Peeps\" width=\"525\" height=\"295\" src=\"https:\/\/www.youtube.com\/embed\/6Dw1UE68HF4?feature=oembed\" frameborder=\"0\" allow=\"accelerometer; autoplay; clipboard-write; encrypted-media; gyroscope; picture-in-picture; web-share\" referrerpolicy=\"strict-origin-when-cross-origin\" allowfullscreen><\/iframe>\n<\/div><figcaption>Die 23. GOOD NEWS Wochenschau in voller L\u00e4nge.<br><\/figcaption><\/figure>\n","protected":false},"excerpt":{"rendered":"<p>Satte Nachrichten aus Salzburg und dem Rest der Welt Die Good News Wochenschau pr\u00e4sentiert heute einen bunten Strau\u00df voller guten Nachrichten, von der neuen Radiosendung \u201eFounder Bliss\u201c bis hin zum neuen Coworker Robert Kastner, der bereits zu Gast in der 16. Wochenschau war. Coworkerin Claudia Kanz hat eine neue RAK Aktion ins Leben gerufen und &hellip; <\/p>\n<p class=\"link-more\"><a href=\"https:\/\/coworkingsalzburg.com\/blog\/23-good-news-wochenschau-letzte-werbung-for-future\/\" class=\"more-link\"><span class=\"screen-reader-text\">\u201e23. GOOD NEWS Wochenschau: &#8222;Letzte Werbung&#8220; for Future\u201c<\/span> weiterlesen<\/a><\/p>\n","protected":false},"author":3,"featured_media":300,"comment_status":"closed","ping_status":"closed","sticky":false,"template":"","format":"image","meta":{"footnotes":""},"categories":[6],"tags":[209,25,135],"class_list":["post-289","post","type-post","status-publish","format-image","has-post-thumbnail","hentry","category-wochenschau","tag-media","tag-nachhaltigkeit","tag-social-impact","post_format-post-format-image"],"aioseo_notices":[],"_links":{"self":[{"href":"https:\/\/coworkingsalzburg.com\/blog\/wp-json\/wp\/v2\/posts\/289","targetHints":{"allow":["GET"]}}],"collection":[{"href":"https:\/\/coworkingsalzburg.com\/blog\/wp-json\/wp\/v2\/posts"}],"about":[{"href":"https:\/\/coworkingsalzburg.com\/blog\/wp-json\/wp\/v2\/types\/post"}],"author":[{"embeddable":true,"href":"https:\/\/coworkingsalzburg.com\/blog\/wp-json\/wp\/v2\/users\/3"}],"replies":[{"embeddable":true,"href":"https:\/\/coworkingsalzburg.com\/blog\/wp-json\/wp\/v2\/comments?post=289"}],"version-history":[{"count":16,"href":"https:\/\/coworkingsalzburg.com\/blog\/wp-json\/wp\/v2\/posts\/289\/revisions"}],"predecessor-version":[{"id":347,"href":"https:\/\/coworkingsalzburg.com\/blog\/wp-json\/wp\/v2\/posts\/289\/revisions\/347"}],"wp:featuredmedia":[{"embeddable":true,"href":"https:\/\/coworkingsalzburg.com\/blog\/wp-json\/wp\/v2\/media\/300"}],"wp:attachment":[{"href":"https:\/\/coworkingsalzburg.com\/blog\/wp-json\/wp\/v2\/media?parent=289"}],"wp:term":[{"taxonomy":"category","embeddable":true,"href":"https:\/\/coworkingsalzburg.com\/blog\/wp-json\/wp\/v2\/categories?post=289"},{"taxonomy":"post_tag","embeddable":true,"href":"https:\/\/coworkingsalzburg.com\/blog\/wp-json\/wp\/v2\/tags?post=289"}],"curies":[{"name":"wp","href":"https:\/\/api.w.org\/{rel}","templated":true}]}}