{"id":1072,"date":"2026-01-22T18:26:19","date_gmt":"2026-01-22T18:26:19","guid":{"rendered":"https:\/\/coworkingsalzburg.com\/blog\/?p=1072"},"modified":"2026-01-22T18:27:01","modified_gmt":"2026-01-22T18:27:01","slug":"ideen-sind-ueberschaetzt-bedingungen-nicht-2-powerbreakfast-coworking-club","status":"publish","type":"post","link":"https:\/\/coworkingsalzburg.com\/blog\/ideen-sind-ueberschaetzt-bedingungen-nicht-2-powerbreakfast-coworking-club\/","title":{"rendered":"Ideen sind \u00fcbersch\u00e4tzt, Bedingungen nicht &#8211; 2. Powerbreakfast Coworking Club"},"content":{"rendered":"\n<hr class=\"wp-block-separator has-alpha-channel-opacity\"\/>\n\n\n\n<p>Beim 2. Powerbreakfast im <strong>COWORKING<\/strong>SALZBURG Club ging es nicht um Motivation.<br>Und auch nicht um Methoden.<\/p>\n\n\n\n<p>Sondern um eine n\u00fcchterne Frage:<br><strong>Was macht Menschen unter ver\u00e4nderten Bedingungen arbeitsf\u00e4hig?<\/strong><\/p>\n\n\n\n<h3 class=\"wp-block-heading\"><strong>Impuls von Marcus Trute<\/strong><\/h3>\n\n\n\n<p><a href=\"https:\/\/www.linkedin.com\/in\/marcus-trute-955434142\/\" target=\"_blank\" rel=\"noopener\" title=\"\">Marcus Trute<\/a> begann nicht mit Thesen, sondern mit Erfahrung.<\/p>\n\n\n\n<p>Fr\u00fche Ver\u00e4nderungen in der Kindheit, ein Umzug in ein anderes Land, eine Krankheit, die Grenzen sichtbar machte. Sport dient Marcus als kontinuierliche Auseinandersetzung mit Belastung, Struktur und Training.<\/p>\n\n\n\n<p>Kein Heldenskript. Keine Dramatisierung.<br>Sondern die Beobachtung, dass Entwicklung nicht aus Schonung entsteht.<\/p>\n\n\n\n<p>Sein Zugang zu Potenzial war entsprechend unaufgeregt:<br>Potenzial ist angelegt, aber nicht automatisch wirksam.<br>Es entfaltet sich nur unter bestimmten Bedingungen.<\/p>\n\n\n\n<p><strong>Potenzial zeigt sich dort,<br>wo sich Bedingungen \u00e4ndern und neue F\u00e4higkeiten wirksam werden.<\/strong><\/p>\n\n\n\n<p>Nicht alles, was m\u00f6glich w\u00e4re, wird relevant.<br>Relevant wird, was unter ver\u00e4nderten Bedingungen nutzbar bleibt.<\/p>\n\n\n\n<h3 class=\"wp-block-heading\">Warum Potenzial heute kein Randthema ist<\/h3>\n\n\n\n<p>Ver\u00e4nderung ist kein Ausnahmezustand mehr.<br>Sie ist Alltag.<\/p>\n\n\n\n<p>Was fr\u00fcher Jahrzehnte brauchte, erreicht heute in Wochen Millionen Menschen. Geschwindigkeit ist nicht mehr nur technisch \u2013 sie ist psychologisch.<\/p>\n\n\n\n<figure class=\"wp-block-image size-large\"><img loading=\"lazy\" decoding=\"async\" width=\"1200\" height=\"675\" src=\"https:\/\/coworkingsalzburg.com\/blog\/wp-content\/uploads\/zeit_bis_1_million_nutzer_blogstone-1-1200x675.jpg\" alt=\"\" class=\"wp-image-1093\" srcset=\"https:\/\/coworkingsalzburg.com\/blog\/wp-content\/uploads\/zeit_bis_1_million_nutzer_blogstone-1-1200x675.jpg 1200w, https:\/\/coworkingsalzburg.com\/blog\/wp-content\/uploads\/zeit_bis_1_million_nutzer_blogstone-1-525x295.jpg 525w, https:\/\/coworkingsalzburg.com\/blog\/wp-content\/uploads\/zeit_bis_1_million_nutzer_blogstone-1-768x432.jpg 768w, https:\/\/coworkingsalzburg.com\/blog\/wp-content\/uploads\/zeit_bis_1_million_nutzer_blogstone-1-1536x864.jpg 1536w, https:\/\/coworkingsalzburg.com\/blog\/wp-content\/uploads\/zeit_bis_1_million_nutzer_blogstone-1.jpg 1920w\" sizes=\"auto, (max-width: 767px) 89vw, (max-width: 1000px) 54vw, (max-width: 1071px) 543px, 580px\" \/><figcaption class=\"wp-element-caption\">https:\/\/www.blogstone.net\/wp-content\/uploads\/2023\/02\/zeit_bis_1_million_nutzer_blogstone-1.jpg <\/figcaption><\/figure>\n\n\n\n<p>\u00dcberforderung, Unsicherheit und Kontrollverlust sind keine individuellen Defizite.<br>Sie sind Folgen eines Umfelds, das sich schneller ver\u00e4ndert, als Routinen tragen.<\/p>\n\n\n\n<p>In diesem Kontext entscheidet sich,<br>ob Potenzial brachliegt oder wirksam wird.<\/p>\n\n\n\n<hr class=\"wp-block-separator has-alpha-channel-opacity\"\/>\n\n\n\n<h3 class=\"wp-block-heading\"><strong>Impuls von Mario Sch\u00f6nherr<\/strong><\/h3>\n\n\n\n<p><a href=\"https:\/\/www.linkedin.com\/in\/mario-sch%C3%B6nherr-631230179\/\" target=\"_blank\" rel=\"noopener\" title=\"\">Mario Sch\u00f6nherr<\/a> holte den Gedanken konsequent in den Arbeitsalltag zur\u00fcck.<\/p>\n\n\n\n<p>Fokus, so seine Beobachtung, ist eine Kernkompetenz des 21. Jahrhunderts.<br>Und gleichzeitig das, was am st\u00e4rksten unter Druck steht.<\/p>\n\n\n\n<p>Zwischen permanentem Kontextwechsel und Dauerablenkung wird vieles erledigt \u2013<br>aber wenig wirklich bearbeitet.<\/p>\n\n\n\n<p>Sein Gegenentwurf war bewusst einfach:<br><strong>wieder lernen, bei einer Sache zu bleiben.<br><\/strong>Nicht aus Nostalgie. Sondern aus Notwendigkeit.<\/p>\n\n\n\n<p>Wachstum, so Mario, scheitert selten am <em>Wie<\/em>.<br>Fast immer am fehlenden <em>Warum<\/em>.<\/p>\n\n\n\n<p>Solange das Warum unklar ist, bleibt Entwicklung abstrakt.<br>Erst mit einem eigenen Warum entsteht Lust zu wachsen \u2013<br>nicht nur monet\u00e4r, sondern auch voneinander lernend.<\/p>\n\n\n\n<p>Auch Zusammenarbeit braucht Kl\u00e4rung.<br>Ohne sie wird Verantwortung weitergereicht,<br>bis sie niemand mehr tr\u00e4gt.<\/p>\n\n\n\n<p>Und Kommunikation?<br>In einer Welt permanenter Vernetzung wird Zuh\u00f6ren zur Ausnahme.<br>Nicht zuh\u00f6ren, um zu antworten.<br>Sondern zuh\u00f6ren, um dem Gesagten Raum zu geben.<\/p>\n\n\n\n<hr class=\"wp-block-separator has-alpha-channel-opacity\"\/>\n\n\n\n<div class=\"wp-block-media-text is-stacked-on-mobile\"><figure class=\"wp-block-media-text__media\"><img loading=\"lazy\" decoding=\"async\" width=\"900\" height=\"1200\" src=\"https:\/\/coworkingsalzburg.com\/blog\/wp-content\/uploads\/WhatsApp-Image-2026-01-05-at-21.16.19-900x1200.jpeg\" alt=\"\" class=\"wp-image-1077 size-full\" srcset=\"https:\/\/coworkingsalzburg.com\/blog\/wp-content\/uploads\/WhatsApp-Image-2026-01-05-at-21.16.19-900x1200.jpeg 900w, https:\/\/coworkingsalzburg.com\/blog\/wp-content\/uploads\/WhatsApp-Image-2026-01-05-at-21.16.19-394x525.jpeg 394w, https:\/\/coworkingsalzburg.com\/blog\/wp-content\/uploads\/WhatsApp-Image-2026-01-05-at-21.16.19-768x1024.jpeg 768w, https:\/\/coworkingsalzburg.com\/blog\/wp-content\/uploads\/WhatsApp-Image-2026-01-05-at-21.16.19-1152x1536.jpeg 1152w, https:\/\/coworkingsalzburg.com\/blog\/wp-content\/uploads\/WhatsApp-Image-2026-01-05-at-21.16.19.jpeg 1500w\" sizes=\"auto, (max-width: 767px) 89vw, (max-width: 1000px) 54vw, (max-width: 1071px) 543px, 580px\" \/><\/figure><div class=\"wp-block-media-text__content\">\n<p>Ein Format mit Geschichte<\/p>\n\n\n\n<p>Das Powerbreakfast ist kein einmaliges Format.<br>Marcus Trute und Mario Sch\u00f6nherr gestalten es seit einiger Zeit in M\u00fcnchen.<br>Nach der ersten Ausgabe in Salzburg wurde es nun zum zweiten Mal hier umgesetzt.<\/p>\n<\/div><\/div>\n\n\n\n<hr class=\"wp-block-separator has-alpha-channel-opacity\"\/>\n\n\n\n<h3 class=\"wp-block-heading\">Zwei Perspektiven, ein gemeinsamer Kern<\/h3>\n\n\n\n<p>Der eine Blick auf <strong>Potenzial unter Ver\u00e4nderung<\/strong>,<br>der andere auf <strong>Arbeitsf\u00e4higkeit im Alltag<\/strong>.<\/p>\n\n\n\n<p>Beide Impulse trafen sich in einem Punkt:<br>Entwicklung entsteht nicht durch Absicht.<br>Sondern durch <strong>Rahmen, Haltung und \u00dcbung<\/strong>.<\/p>\n\n\n\n<p>Genau daf\u00fcr ist das Powerbreakfast gedacht.<br>Als Denkraum.<\/p>\n\n\n\n<p>\ud83d\udc49 Findet auch <strong>2026<\/strong> wieder statt.<\/p>\n\n\n\n<hr class=\"wp-block-separator has-alpha-channel-opacity\"\/>\n\n\n\n<h3 class=\"wp-block-heading\">Ausblick<\/h3>\n\n\n\n<p>Beim Powerbreakfast wurde deutlich:<br>Wachstum braucht kein weiteres How-to.<br>Sondern ein gekl\u00e4rtes Warum.<\/p>\n\n\n\n<p>Wer Coworker:innen wie Mario und Marcus im Arbeitsalltag erleben will, findet sie im <a href=\"https:\/\/coworkingclub.at\/\" target=\"_blank\" rel=\"noopener\" title=\"\"><strong>COWORKING<\/strong>SALZBURG<strong> CLUB<\/strong>.<\/a><br>Der Club bietet einen verl\u00e4sslichen Rahmen f\u00fcr konzentrierte Arbeit: 24\/7 ge\u00f6ffnet, flexibel nutzbar \u2013 auch f\u00fcr wenige Stunden im Monat.<\/p>\n\n\n\n<p>Du interessierst dich f\u00fcr unsere weiteren <strong>Eventformate<\/strong>? >>> Hier geht es zu unseren n\u00e4chsten <a href=\"https:\/\/calm-froyo-b3942e.netlify.app\/#club-programm\" target=\"_blank\" rel=\"noopener\" title=\"Club-Programmpunkten\">Club-Programmpunkten<\/a>.<\/p>\n\n\n\n<p>Du interessierst dich f\u00fcr unsere <strong>Workshop- und Besprechungsr\u00e4ume<\/strong>? >>> Hier geht es zu unseren <a href=\"https:\/\/coworking-workshopr-hr23.bolt.host\/\" target=\"_blank\" rel=\"noopener\" title=\"\">Raumm\u00f6glichkeiten<\/a>.<\/p>\n","protected":false},"excerpt":{"rendered":"<p>Beim 2. Powerbreakfast im COWORKINGSALZBURG Club ging es nicht um Motivation.Und auch nicht um Methoden. Sondern um eine n\u00fcchterne Frage:Was macht Menschen unter ver\u00e4nderten Bedingungen arbeitsf\u00e4hig? Impuls von Marcus Trute Marcus Trute begann nicht mit Thesen, sondern mit Erfahrung. Fr\u00fche Ver\u00e4nderungen in der Kindheit, ein Umzug in ein anderes Land, eine Krankheit, die Grenzen sichtbar &hellip; <\/p>\n<p class=\"link-more\"><a href=\"https:\/\/coworkingsalzburg.com\/blog\/ideen-sind-ueberschaetzt-bedingungen-nicht-2-powerbreakfast-coworking-club\/\" class=\"more-link\"><span class=\"screen-reader-text\">\u201eIdeen sind \u00fcbersch\u00e4tzt, Bedingungen nicht &#8211; 2. Powerbreakfast Coworking Club\u201c<\/span> weiterlesen<\/a><\/p>\n","protected":false},"author":3,"featured_media":1075,"comment_status":"closed","ping_status":"closed","sticky":false,"template":"","format":"image","meta":{"footnotes":""},"categories":[238,92],"tags":[228],"class_list":["post-1072","post","type-post","status-publish","format-image","has-post-thumbnail","hentry","category-leadership","category-unternehmertum","tag-coworking-club","post_format-post-format-image"],"aioseo_notices":[],"_links":{"self":[{"href":"https:\/\/coworkingsalzburg.com\/blog\/wp-json\/wp\/v2\/posts\/1072","targetHints":{"allow":["GET"]}}],"collection":[{"href":"https:\/\/coworkingsalzburg.com\/blog\/wp-json\/wp\/v2\/posts"}],"about":[{"href":"https:\/\/coworkingsalzburg.com\/blog\/wp-json\/wp\/v2\/types\/post"}],"author":[{"embeddable":true,"href":"https:\/\/coworkingsalzburg.com\/blog\/wp-json\/wp\/v2\/users\/3"}],"replies":[{"embeddable":true,"href":"https:\/\/coworkingsalzburg.com\/blog\/wp-json\/wp\/v2\/comments?post=1072"}],"version-history":[{"count":17,"href":"https:\/\/coworkingsalzburg.com\/blog\/wp-json\/wp\/v2\/posts\/1072\/revisions"}],"predecessor-version":[{"id":1103,"href":"https:\/\/coworkingsalzburg.com\/blog\/wp-json\/wp\/v2\/posts\/1072\/revisions\/1103"}],"wp:featuredmedia":[{"embeddable":true,"href":"https:\/\/coworkingsalzburg.com\/blog\/wp-json\/wp\/v2\/media\/1075"}],"wp:attachment":[{"href":"https:\/\/coworkingsalzburg.com\/blog\/wp-json\/wp\/v2\/media?parent=1072"}],"wp:term":[{"taxonomy":"category","embeddable":true,"href":"https:\/\/coworkingsalzburg.com\/blog\/wp-json\/wp\/v2\/categories?post=1072"},{"taxonomy":"post_tag","embeddable":true,"href":"https:\/\/coworkingsalzburg.com\/blog\/wp-json\/wp\/v2\/tags?post=1072"}],"curies":[{"name":"wp","href":"https:\/\/api.w.org\/{rel}","templated":true}]}}